{"id":317,"date":"2018-05-15T07:26:43","date_gmt":"2018-05-15T07:26:43","guid":{"rendered":"http:\/\/spd-lohbruegge.eu\/?p=317"},"modified":"2018-06-12T15:54:44","modified_gmt":"2018-06-12T15:54:44","slug":"fluechtlingsunterkunft-buent","status":"publish","type":"post","link":"https:\/\/spd-lohbruegge.eu\/?p=317","title":{"rendered":"Fl\u00fcchtlingsunterkunft B\u00fcnt"},"content":{"rendered":"<p><a href=\"http:\/\/spd-lohbruegge.eu\/wp-content\/uploads\/2017\/06\/Tilsner2014.jpg\"><img loading=\"lazy\" decoding=\"async\" class=\"alignleft size-medium wp-image-71\" src=\"http:\/\/spd-lohbruegge.eu\/wp-content\/uploads\/2017\/06\/Tilsner2014-300x200.jpg\" alt=\"\" width=\"300\" height=\"200\" srcset=\"https:\/\/spd-lohbruegge.eu\/wp-content\/uploads\/2017\/06\/Tilsner2014-300x200.jpg 300w, https:\/\/spd-lohbruegge.eu\/wp-content\/uploads\/2017\/06\/Tilsner2014.jpg 400w\" sizes=\"auto, (max-width: 300px) 100vw, 300px\" \/><\/a>Bereits im Juni sollen die ersten Bewohner in die neue Fl\u00fcchtlingsunterkunft Binnenfeldredder\/B\u00fcnt einziehen. Deshalb fand am 07. Mai, veranstaltet durch das Bezirksamt, ein Runder Tisch statt.<\/p>\n<p>Insgesamt sollen etwa 260 Personen aufgeteilt auf 10 H\u00e4user in der Anlage unterkommen. Zus\u00e4tzlich wird es ein Haus geben, in dem die Verwaltung (im Erdgeschoss) und Gemeinschaftsr\u00e4ume (im Obergeschoss) untergebracht werden.<\/p>\n<p>Vorgestellt wurden die f\u00fcr diese Unterkunft verantwortlichen Mitarbeiter des Tr\u00e4gers f\u00f6rdern &amp; wohnen. Auch einige Tr\u00e4ger ehrenamtlicher Fl\u00fcchtlingsarbeit stellten sich den rund 30 anwesenden B\u00fcrgerinnen und B\u00fcrgern vor.<\/p>\n<p>Entt\u00e4uscht waren die Anwesenden dar\u00fcber, dass f\u00f6rdern &amp; wohnen noch keine Auskunft \u00fcber die Bewohnerstruktur geben konnte, so dass auch noch keine konkreten Planungen f\u00fcr ein ehrenamtliches Engagement gemacht werden konnten.<\/p>\n<p>Trotzdem war bei der Veranstaltung zu sp\u00fcren, dass viele Lohbr\u00fcggerinnen und Lohbr\u00fcgger die neuen Nachbarn herzlich willkommen hei\u00dfen m\u00f6chten. Dies ist umso wichtiger, da sich im Vorfeld der Planung dieser Unterkunft leider einige Vorbehalte aus dem Umfeld artikuliert hatten.<\/p>\n<p style=\"text-align: right;\"><strong>Andreas Tilsner<\/strong><\/p>\n","protected":false},"excerpt":{"rendered":"<p>Bereits im Juni sollen die ersten Bewohner in die neue Fl\u00fcchtlingsunterkunft Binnenfeldredder\/B\u00fcnt einziehen. Deshalb fand am 07. Mai, veranstaltet durch<\/p>\n","protected":false},"author":1,"featured_media":0,"comment_status":"open","ping_status":"open","sticky":false,"template":"","format":"standard","meta":{"colormag_page_container_layout":"default_layout","colormag_page_sidebar_layout":"default_layout","footnotes":""},"categories":[4,12],"tags":[],"class_list":["post-317","post","type-post","status-publish","format-standard","hentry","category-nachricht","category-tilsner"],"_links":{"self":[{"href":"https:\/\/spd-lohbruegge.eu\/index.php?rest_route=\/wp\/v2\/posts\/317","targetHints":{"allow":["GET"]}}],"collection":[{"href":"https:\/\/spd-lohbruegge.eu\/index.php?rest_route=\/wp\/v2\/posts"}],"about":[{"href":"https:\/\/spd-lohbruegge.eu\/index.php?rest_route=\/wp\/v2\/types\/post"}],"author":[{"embeddable":true,"href":"https:\/\/spd-lohbruegge.eu\/index.php?rest_route=\/wp\/v2\/users\/1"}],"replies":[{"embeddable":true,"href":"https:\/\/spd-lohbruegge.eu\/index.php?rest_route=%2Fwp%2Fv2%2Fcomments&post=317"}],"version-history":[{"count":2,"href":"https:\/\/spd-lohbruegge.eu\/index.php?rest_route=\/wp\/v2\/posts\/317\/revisions"}],"predecessor-version":[{"id":319,"href":"https:\/\/spd-lohbruegge.eu\/index.php?rest_route=\/wp\/v2\/posts\/317\/revisions\/319"}],"wp:attachment":[{"href":"https:\/\/spd-lohbruegge.eu\/index.php?rest_route=%2Fwp%2Fv2%2Fmedia&parent=317"}],"wp:term":[{"taxonomy":"category","embeddable":true,"href":"https:\/\/spd-lohbruegge.eu\/index.php?rest_route=%2Fwp%2Fv2%2Fcategories&post=317"},{"taxonomy":"post_tag","embeddable":true,"href":"https:\/\/spd-lohbruegge.eu\/index.php?rest_route=%2Fwp%2Fv2%2Ftags&post=317"}],"curies":[{"name":"wp","href":"https:\/\/api.w.org\/{rel}","templated":true}]}}