{"id":462,"date":"2018-12-20T12:49:56","date_gmt":"2018-12-20T12:49:56","guid":{"rendered":"http:\/\/spd-lohbruegge.eu\/?p=462"},"modified":"2018-12-30T12:51:09","modified_gmt":"2018-12-30T12:51:09","slug":"fuer-ein-gerechteres-europa","status":"publish","type":"post","link":"https:\/\/spd-lohbruegge.eu\/?p=462","title":{"rendered":"F\u00fcr ein gerechteres Europa!"},"content":{"rendered":"<p><a href=\"http:\/\/spd-lohbruegge.eu\/wp-content\/uploads\/2017\/06\/Schuetze_2015.jpg\"><img loading=\"lazy\" decoding=\"async\" class=\"alignleft size-medium wp-image-88\" src=\"http:\/\/spd-lohbruegge.eu\/wp-content\/uploads\/2017\/06\/Schuetze_2015-300x200.jpg\" alt=\"\" width=\"300\" height=\"200\" srcset=\"https:\/\/spd-lohbruegge.eu\/wp-content\/uploads\/2017\/06\/Schuetze_2015-300x200.jpg 300w, https:\/\/spd-lohbruegge.eu\/wp-content\/uploads\/2017\/06\/Schuetze_2015.jpg 400w\" sizes=\"auto, (max-width: 300px) 100vw, 300px\" \/><\/a>Die SPD geht in die Wahlen zum Europaparlament am 26. Mai mit dem Ziel, Europa gerechter zu machen.<\/p>\n<p>So sollen zuk\u00fcnftig in Europa B\u00f6rsengesch\u00e4fte gerecht besteuert werden \u2013 mit der Finanztransaktionssteuer. Auch gro\u00dfe Internetfirmen mit rein digitalen Gesch\u00e4ftsmodellen sollen endlich bei uns Steuern zahlen. Dazu ist eine Digitalsteuer geplant. Darauf hat sich unser Finanzminister Olaf Scholz mit seinen europ\u00e4ischen Kolleginnen und Kollegen geeinigt.<\/p>\n<p>Mit einem Europ\u00e4ischen W\u00e4hrungsfonds, gemeinsamen Regeln f\u00fcr die Bankenabwicklung und einem eigenen Budget wird dar\u00fcber hinaus die Eurozone stabiler, handlungsf\u00e4higer und krisenfester gemacht. All das st\u00e4rkt den Zusammenhalt, die Akzeptanz bei den B\u00fcrgerinnen und B\u00fcrgern und zeigt, dass wir in der Europ\u00e4ischen Union gro\u00dfe Gerechtigkeitsfragen nur gemeinsam l\u00f6sen k\u00f6nnen.<\/p>\n<p>Deshalb ist es wichtig, am 26. Mai die SPD zu w\u00e4hlen.<\/p>\n<p style=\"text-align: right;\"><strong>Michael Sch\u00fctze<\/strong><\/p>\n","protected":false},"excerpt":{"rendered":"<p>Die SPD geht in die Wahlen zum Europaparlament am 26. Mai mit dem Ziel, Europa gerechter zu machen. So sollen<\/p>\n","protected":false},"author":1,"featured_media":0,"comment_status":"open","ping_status":"open","sticky":false,"template":"","format":"standard","meta":{"colormag_page_container_layout":"default_layout","colormag_page_sidebar_layout":"default_layout","footnotes":""},"categories":[4,9],"tags":[],"class_list":["post-462","post","type-post","status-publish","format-standard","hentry","category-nachricht","category-schuetze"],"_links":{"self":[{"href":"https:\/\/spd-lohbruegge.eu\/index.php?rest_route=\/wp\/v2\/posts\/462","targetHints":{"allow":["GET"]}}],"collection":[{"href":"https:\/\/spd-lohbruegge.eu\/index.php?rest_route=\/wp\/v2\/posts"}],"about":[{"href":"https:\/\/spd-lohbruegge.eu\/index.php?rest_route=\/wp\/v2\/types\/post"}],"author":[{"embeddable":true,"href":"https:\/\/spd-lohbruegge.eu\/index.php?rest_route=\/wp\/v2\/users\/1"}],"replies":[{"embeddable":true,"href":"https:\/\/spd-lohbruegge.eu\/index.php?rest_route=%2Fwp%2Fv2%2Fcomments&post=462"}],"version-history":[{"count":1,"href":"https:\/\/spd-lohbruegge.eu\/index.php?rest_route=\/wp\/v2\/posts\/462\/revisions"}],"predecessor-version":[{"id":463,"href":"https:\/\/spd-lohbruegge.eu\/index.php?rest_route=\/wp\/v2\/posts\/462\/revisions\/463"}],"wp:attachment":[{"href":"https:\/\/spd-lohbruegge.eu\/index.php?rest_route=%2Fwp%2Fv2%2Fmedia&parent=462"}],"wp:term":[{"taxonomy":"category","embeddable":true,"href":"https:\/\/spd-lohbruegge.eu\/index.php?rest_route=%2Fwp%2Fv2%2Fcategories&post=462"},{"taxonomy":"post_tag","embeddable":true,"href":"https:\/\/spd-lohbruegge.eu\/index.php?rest_route=%2Fwp%2Fv2%2Ftags&post=462"}],"curies":[{"name":"wp","href":"https:\/\/api.w.org\/{rel}","templated":true}]}}