{"id":526,"date":"2019-04-18T13:53:13","date_gmt":"2019-04-18T13:53:13","guid":{"rendered":"http:\/\/spd-lohbruegge.eu\/?p=526"},"modified":"2019-04-27T13:56:57","modified_gmt":"2019-04-27T13:56:57","slug":"10-jahre-un-behindertenrechtskonvention","status":"publish","type":"post","link":"https:\/\/spd-lohbruegge.eu\/?p=526","title":{"rendered":"10 Jahre UN-Behindertenrechtskonvention"},"content":{"rendered":"<figure id=\"attachment_75\" aria-describedby=\"caption-attachment-75\" style=\"width: 300px\" class=\"wp-caption alignleft\"><a href=\"http:\/\/spd-lohbruegge.eu\/wp-content\/uploads\/2017\/06\/Kotzbau2014.jpg\"><img loading=\"lazy\" decoding=\"async\" class=\"size-medium wp-image-75\" src=\"http:\/\/spd-lohbruegge.eu\/wp-content\/uploads\/2017\/06\/Kotzbau2014-300x200.jpg\" alt=\"\" width=\"300\" height=\"200\" srcset=\"https:\/\/spd-lohbruegge.eu\/wp-content\/uploads\/2017\/06\/Kotzbau2014-300x200.jpg 300w, https:\/\/spd-lohbruegge.eu\/wp-content\/uploads\/2017\/06\/Kotzbau2014.jpg 400w\" sizes=\"auto, (max-width: 300px) 100vw, 300px\" \/><\/a><figcaption id=\"caption-attachment-75\" class=\"wp-caption-text\">Katja Kramer<\/figcaption><\/figure>\n<p>Auf Einladung der Behindertenarbeitsgemeinschaft Bergedorf (BAG) kamen am 26. M\u00e4rz rund 60 Menschen mit und ohne Behinderung im Spiegelsaal des Bergedorfer Rathauses zusammen, um das 10-j\u00e4hrige Jubil\u00e4um der Ratifizierung der UN-Behindertenrechtskonvention zu feiern.<\/p>\n<p>Ganz nach dem Motto \u201eMiteinander und nicht \u00fcbereinander reden\u201c arbeiteten die Teilnehmerinnen und Teilnehmer in vier Workshop-Gruppen rund um das Thema Barrierefreiheit und aktive Teilhabe von Menschen mit Behinderungen zusammen. Das Ziel: die Inklusion nicht nur zu fordern, sondern auch zu leben. Unterst\u00fctzt von Einrichtungen der Eingliederungshilfe arbeiteten die Workshop-Gruppen rund 45 Minuten an ausgew\u00e4hlten Themen.<\/p>\n<figure id=\"attachment_527\" aria-describedby=\"caption-attachment-527\" style=\"width: 800px\" class=\"wp-caption alignright\"><a href=\"http:\/\/spd-lohbruegge.eu\/wp-content\/uploads\/2019\/04\/UN02.jpg\" target=\"_blank\" rel=\"noopener\"><img loading=\"lazy\" decoding=\"async\" class=\"wp-image-527 size-large\" src=\"http:\/\/spd-lohbruegge.eu\/wp-content\/uploads\/2019\/04\/UN02-1024x768.jpg\" alt=\"\" width=\"800\" height=\"600\" srcset=\"https:\/\/spd-lohbruegge.eu\/wp-content\/uploads\/2019\/04\/UN02-1024x768.jpg 1024w, https:\/\/spd-lohbruegge.eu\/wp-content\/uploads\/2019\/04\/UN02-300x225.jpg 300w, https:\/\/spd-lohbruegge.eu\/wp-content\/uploads\/2019\/04\/UN02-768x576.jpg 768w, https:\/\/spd-lohbruegge.eu\/wp-content\/uploads\/2019\/04\/UN02.jpg 1280w\" sizes=\"auto, (max-width: 800px) 100vw, 800px\" \/><\/a><figcaption id=\"caption-attachment-527\" class=\"wp-caption-text\">Auch Bezirksamtsleiter Arne Dornquast (vorne) war anwesend.<\/figcaption><\/figure>\n<p>Die Ergebnisse der Arbeitsgruppen brachten einige gute Ideen f\u00fcr Bergedorf, welche wir auch mit entsprechenden Antr\u00e4gen in die Bezirksversammlung Bergedorf einbringen werden.<\/p>\n<p>Immer wieder Thema ist die Barrierefreiheit auf dem beliebten Bergedorfer Weihnachtsmarkt. Bereits 2017\/2018 hatten wir zusammen mit der BAG eine sehr positive Initiative f\u00fcr mehr Barrierefreiheit auf dem Weihnachtsmarkt gestartet. Der Weihnachtsmarktbetreiber, das Bezirksamt, Vertreter der BAG und der Kommunalpolitik haben sich in einer kooperativen Runde zusammengesetzt und Kompromisse finden k\u00f6nnen. Dabei kam zum Beispiel raus, dass die Kabelbr\u00fccken f\u00fcr Menschen im Rollstuhl ohne externe Hilfe un\u00fcberwindbar waren. Der Weihnachtsmarktbetreiber hat dann zugesagt, deutlich breitere und weniger steile Kabelbr\u00fccken auszuw\u00e4hlen.<\/p>\n<p>Aktuell wurden noch einmal die gem\u00fctlich wirkenden, aber barrierenschaffenden Holzhackschnitzel auf der Schlosswiese diskutiert. Menschen mit Rollstuhl oder anderen k\u00f6rperlichen Einschr\u00e4nkungen ist es nicht oder nur mit erheblicher Hilfestellung m\u00f6glich den Weihnachtsmarkt auf der Schlosswiese zu genie\u00dfen. Daher stellen wir in der April Bezirksversammlung den Antrag, zusammen mit den Weihnachtsmarktbetreibern und der BAG eine Alternative zu finden, z. B. eine Art Weg aus einem festen Untergrund, welcher mit dem Rollstuhl befahrbar ist und drum herum die gewohnten Holzhackschnitzel.<\/p>\n<p>Wir sind positiv gestimmt, dass eine L\u00f6sung gefunden werden kann.<\/p>\n<p style=\"text-align: right;\"><strong>Katja Kramer<\/strong><\/p>\n","protected":false},"excerpt":{"rendered":"<p>Auf Einladung der Behindertenarbeitsgemeinschaft Bergedorf (BAG) kamen am 26. M\u00e4rz rund 60 Menschen mit und ohne Behinderung im Spiegelsaal des<\/p>\n","protected":false},"author":1,"featured_media":0,"comment_status":"open","ping_status":"open","sticky":false,"template":"","format":"standard","meta":{"colormag_page_container_layout":"default_layout","colormag_page_sidebar_layout":"default_layout","footnotes":""},"categories":[21,4],"tags":[],"class_list":["post-526","post","type-post","status-publish","format-standard","hentry","category-kramer","category-nachricht"],"_links":{"self":[{"href":"https:\/\/spd-lohbruegge.eu\/index.php?rest_route=\/wp\/v2\/posts\/526","targetHints":{"allow":["GET"]}}],"collection":[{"href":"https:\/\/spd-lohbruegge.eu\/index.php?rest_route=\/wp\/v2\/posts"}],"about":[{"href":"https:\/\/spd-lohbruegge.eu\/index.php?rest_route=\/wp\/v2\/types\/post"}],"author":[{"embeddable":true,"href":"https:\/\/spd-lohbruegge.eu\/index.php?rest_route=\/wp\/v2\/users\/1"}],"replies":[{"embeddable":true,"href":"https:\/\/spd-lohbruegge.eu\/index.php?rest_route=%2Fwp%2Fv2%2Fcomments&post=526"}],"version-history":[{"count":1,"href":"https:\/\/spd-lohbruegge.eu\/index.php?rest_route=\/wp\/v2\/posts\/526\/revisions"}],"predecessor-version":[{"id":528,"href":"https:\/\/spd-lohbruegge.eu\/index.php?rest_route=\/wp\/v2\/posts\/526\/revisions\/528"}],"wp:attachment":[{"href":"https:\/\/spd-lohbruegge.eu\/index.php?rest_route=%2Fwp%2Fv2%2Fmedia&parent=526"}],"wp:term":[{"taxonomy":"category","embeddable":true,"href":"https:\/\/spd-lohbruegge.eu\/index.php?rest_route=%2Fwp%2Fv2%2Fcategories&post=526"},{"taxonomy":"post_tag","embeddable":true,"href":"https:\/\/spd-lohbruegge.eu\/index.php?rest_route=%2Fwp%2Fv2%2Ftags&post=526"}],"curies":[{"name":"wp","href":"https:\/\/api.w.org\/{rel}","templated":true}]}}