{"id":563,"date":"2019-05-10T15:52:08","date_gmt":"2019-05-10T15:52:08","guid":{"rendered":"http:\/\/spd-lohbruegge.eu\/?p=563"},"modified":"2019-05-10T16:04:03","modified_gmt":"2019-05-10T16:04:03","slug":"wer-ein-soziales-europa-will-muss-am-26-mai-spd-waehlen","status":"publish","type":"post","link":"https:\/\/spd-lohbruegge.eu\/?p=563","title":{"rendered":"Wer ein soziales Europa will, muss am 26. Mai SPD w\u00e4hlen!"},"content":{"rendered":"<p><a href=\"http:\/\/spd-lohbruegge.eu\/wp-content\/uploads\/2019\/05\/Unser-soziales-Europa.png\" target=\"_blank\" rel=\"noopener\"><img loading=\"lazy\" decoding=\"async\" class=\"aligncenter wp-image-564 size-full\" src=\"http:\/\/spd-lohbruegge.eu\/wp-content\/uploads\/2019\/05\/Unser-soziales-Europa.png\" alt=\"\" width=\"590\" height=\"335\" srcset=\"https:\/\/spd-lohbruegge.eu\/wp-content\/uploads\/2019\/05\/Unser-soziales-Europa.png 590w, https:\/\/spd-lohbruegge.eu\/wp-content\/uploads\/2019\/05\/Unser-soziales-Europa-300x170.png 300w\" sizes=\"auto, (max-width: 590px) 100vw, 590px\" \/><\/a>Die Spitzenkandidatin der SPD f\u00fcr die Wahlen zum Europ\u00e4ischen Parlament am 26. Mai, Katarina Barley, hat deutlich gemacht, dass es nur mit der SPD ein soziales Europa geben wird, denn:<\/p>\n<p>&#8222;Bei uns stehen die Menschen im Vordergrund und nicht die Konzerne. Deshalb setzen wir auf f\u00fcnf Schwerpunkte:<\/p>\n<ul>\n<li>Sozialdumping beenden: Deshalb Europ\u00e4ische Mindestl\u00f6hne einf\u00fchren.<\/li>\n<li>F\u00fcr das Gemeinwohl: Globale Mindestbesteuerung f\u00fcr Unternehmen.<\/li>\n<li>Mit den Gewerkschaften: St\u00e4rkere Unternehmensmitbestimmung f\u00fcr die Besch\u00e4ftigten.<\/li>\n<li>Endlich Gleichberechtigung: Gleicher Lohn f\u00fcr Frauen und M\u00e4nner.<\/li>\n<li>Echte Perspektiven f\u00fcr die Jugend: Mehr tun f\u00fcr Ausbildung, Arbeit und Klimaschutz.<\/li>\n<\/ul>\n<p>Wir lassen uns in Europa nicht von erlahmenden Konservativen und spaltenden Rechten die Butter vom Brot nehmen. Wir gestalten die Zukunft des sozialen Europas \u2013 zusammen, stark und fortschrittlich \u2013 weil nur wir es k\u00f6nnen!&#8220;<\/p>\n<p>Barley glaubt nicht, dass die Konservativen Europa retten k\u00f6nnen: &#8222;Diese Europawahl wird entscheidend \u2013 f\u00fcr Europa, f\u00fcr Deutschland, f\u00fcr uns alle. Unser Zusammenleben, unser Wohlstand, unsere Zukunft \u2013 alles steht auf dem Spiel. Dabei stehen wir vor einer Richtungswahl mit klaren politischen Alternativen \u2013 einer Entscheidungswahl. Die entscheidende Frage lautet: Wer hat die Kraft, die europ\u00e4ische Idee zu retten? Sicher nicht die Konservativen mit einem Programm, das viele der bestehenden Probleme erst erm\u00f6glicht hat, Europa weiter schw\u00e4cht und damit die Rechtsextremen und Populisten st\u00e4rkt. F\u00fcr mich ist klar: Wer Europa und die liberale Demokratie verteidigen will, der muss in den sozialen Zusammenhalt Europas investieren und deshalb die SPD w\u00e4hlen.&#8220;<\/p>\n<p style=\"text-align: right;\"><strong>Michael Sch\u00fctze<\/strong><\/p>\n","protected":false},"excerpt":{"rendered":"<p>Die Spitzenkandidatin der SPD f\u00fcr die Wahlen zum Europ\u00e4ischen Parlament am 26. Mai, Katarina Barley, hat deutlich gemacht, dass es<\/p>\n","protected":false},"author":1,"featured_media":0,"comment_status":"open","ping_status":"open","sticky":false,"template":"","format":"standard","meta":{"colormag_page_container_layout":"default_layout","colormag_page_sidebar_layout":"default_layout","footnotes":""},"categories":[4,9],"tags":[],"class_list":["post-563","post","type-post","status-publish","format-standard","hentry","category-nachricht","category-schuetze"],"_links":{"self":[{"href":"https:\/\/spd-lohbruegge.eu\/index.php?rest_route=\/wp\/v2\/posts\/563","targetHints":{"allow":["GET"]}}],"collection":[{"href":"https:\/\/spd-lohbruegge.eu\/index.php?rest_route=\/wp\/v2\/posts"}],"about":[{"href":"https:\/\/spd-lohbruegge.eu\/index.php?rest_route=\/wp\/v2\/types\/post"}],"author":[{"embeddable":true,"href":"https:\/\/spd-lohbruegge.eu\/index.php?rest_route=\/wp\/v2\/users\/1"}],"replies":[{"embeddable":true,"href":"https:\/\/spd-lohbruegge.eu\/index.php?rest_route=%2Fwp%2Fv2%2Fcomments&post=563"}],"version-history":[{"count":2,"href":"https:\/\/spd-lohbruegge.eu\/index.php?rest_route=\/wp\/v2\/posts\/563\/revisions"}],"predecessor-version":[{"id":566,"href":"https:\/\/spd-lohbruegge.eu\/index.php?rest_route=\/wp\/v2\/posts\/563\/revisions\/566"}],"wp:attachment":[{"href":"https:\/\/spd-lohbruegge.eu\/index.php?rest_route=%2Fwp%2Fv2%2Fmedia&parent=563"}],"wp:term":[{"taxonomy":"category","embeddable":true,"href":"https:\/\/spd-lohbruegge.eu\/index.php?rest_route=%2Fwp%2Fv2%2Fcategories&post=563"},{"taxonomy":"post_tag","embeddable":true,"href":"https:\/\/spd-lohbruegge.eu\/index.php?rest_route=%2Fwp%2Fv2%2Ftags&post=563"}],"curies":[{"name":"wp","href":"https:\/\/api.w.org\/{rel}","templated":true}]}}