{"id":568,"date":"2019-05-11T15:55:19","date_gmt":"2019-05-11T15:55:19","guid":{"rendered":"http:\/\/spd-lohbruegge.eu\/?p=568"},"modified":"2019-05-10T16:03:36","modified_gmt":"2019-05-10T16:03:36","slug":"der-eisenwerker-gedenkstein-ist-wieder-in-lohbruegge","status":"publish","type":"post","link":"https:\/\/spd-lohbruegge.eu\/?p=568","title":{"rendered":"Der Eisenwerker-Gedenkstein ist wieder in Lohbr\u00fcgge!"},"content":{"rendered":"<p><a href=\"http:\/\/spd-lohbruegge.eu\/wp-content\/uploads\/2019\/05\/Schramm_Juergen_klein.jpg\"><img loading=\"lazy\" decoding=\"async\" class=\"alignleft size-medium wp-image-570\" src=\"http:\/\/spd-lohbruegge.eu\/wp-content\/uploads\/2019\/05\/Schramm_Juergen_klein-296x300.jpg\" alt=\"\" width=\"296\" height=\"300\" srcset=\"https:\/\/spd-lohbruegge.eu\/wp-content\/uploads\/2019\/05\/Schramm_Juergen_klein-296x300.jpg 296w, https:\/\/spd-lohbruegge.eu\/wp-content\/uploads\/2019\/05\/Schramm_Juergen_klein-768x779.jpg 768w, https:\/\/spd-lohbruegge.eu\/wp-content\/uploads\/2019\/05\/Schramm_Juergen_klein.jpg 789w\" sizes=\"auto, (max-width: 296px) 100vw, 296px\" \/><\/a>Nach rund 100 Jahren ist der Gedenkstein zu Ehren der im 1. Weltkrieg gestorbenen Mitarbeiter des Eisenwerkes nach Lohbr\u00fcgge zur\u00fcckgekehrt. Am 10. Mai war die offizielle Einweihung auf dem alten Lohbr\u00fcgger Friedhof an der Lohbr\u00fcgger Kirchstra\u00dfe.<\/p>\n<p>Der alte Lohbr\u00fcgger Friedhof bei der Erl\u00f6serkirche an der Lohbr\u00fcgger Kirchstra\u00dfe ist seit 1972 nicht mehr in Betrieb und heute ein sch\u00f6ner Park. Die Anlage ist sehr gepflegt und l\u00e4dt f\u00f6rmlich zu einem Spaziergang ein. Hier hat das Bezirksamt hervorragende Arbeit geleistet!<\/p>\n<p>Betritt man den Park von der Marnitzstra\u00dfe aus, fallen sofort die gepflegten Wege ins Auge. Es folgt die berankte Storchens\u00e4ule des K\u00fcnstlers Janos Enyedi &#8211; ein Blickfang! Die Lindenalleen im ganzen Park bieten sich zum Flanieren an. Nachdem ein Sturm im letzten Jahr einige der alten Linden umgerissen hatte, hat das Bezirksamt junge, neue Linden gepflanzt, die gut zum alten Baumbestand passen.<\/p>\n<p><a href=\"http:\/\/spd-lohbruegge.eu\/wp-content\/uploads\/2019\/05\/Gedenkstein2_klein.jpg\" target=\"_blank\" rel=\"noopener\"><img loading=\"lazy\" decoding=\"async\" class=\"alignright wp-image-571 size-medium\" src=\"http:\/\/spd-lohbruegge.eu\/wp-content\/uploads\/2019\/05\/Gedenkstein2_klein-300x200.jpg\" alt=\"\" width=\"300\" height=\"200\" srcset=\"https:\/\/spd-lohbruegge.eu\/wp-content\/uploads\/2019\/05\/Gedenkstein2_klein-300x200.jpg 300w, https:\/\/spd-lohbruegge.eu\/wp-content\/uploads\/2019\/05\/Gedenkstein2_klein-768x512.jpg 768w, https:\/\/spd-lohbruegge.eu\/wp-content\/uploads\/2019\/05\/Gedenkstein2_klein.jpg 1024w\" sizes=\"auto, (max-width: 300px) 100vw, 300px\" \/><\/a>Die Wege f\u00fchren unter anderem zum Mausoleum von Wilhelm Bergner, dem Gr\u00fcnder des Bergedorfer Eisenwerkes. Dieses Industrieunternehmen war jahrzehntelang Lohbr\u00fcgges gr\u00f6\u00dfter Arbeitgeber.<\/p>\n<p>Beim Mausoleum steht nun auch der Gedenkstein f\u00fcr die im 1. Weltkrieg gefallenen Mitarbeiter des Eisenwerkes. Urspr\u00fcnglich stand der 1919 aufgestellte Stein auf dem Gel\u00e4nde des Eisenwerkes, das sich zwischen Bahnlinie und dem heutigen Ludwig-Rosenberg-Ring befand. Der Stein wurde dann auf einer Gr\u00fcnfl\u00e4che gegen\u00fcber dem heutigen Marktkauf-Center aufgestellt. Heute befindet sich dort ein Burger-Restaurant.<\/p>\n<p>1974 wurde das Eisenwerk, damals schon unter dem Namen Alfa Laval, nach Glinde verlegt und der Stein zog mit um. Seitdem stand er auf dem dortigen Werksgel\u00e4nde und geriet in Vergessenheit. Erst als Alva Laval 2009 das Firmengel\u00e4nde in Glinde verkaufte, erinnerten sich die Verantwortlichen an den Stein. Und so wurde die Idee geboren, den rund 10 Tonnen schweren Stein nach Lohbr\u00fcgge zu bringen.<\/p>\n<p>Doch erst durch das hartn\u00e4ckige Engagement des Lohbr\u00fcggers Horst Zapf nahm die Idee Fahrt auf. Und im M\u00e4rz 2019 wurde der Stein dann schlie\u00dflich beim Mausoleum auf dem alten Lohbr\u00fcgger Friedhof aufgestellt. Doch er steht nicht alleine da, sondern ist eingerahmt von Geschichtstafeln, die den Gedenkstein historisch einordnen und auch \u00fcber das Eisenwerk berichten. Zusammen mit dem Mausoleum ist damit ein St\u00fcck Lohbr\u00fcgger Geschichte wieder st\u00e4rker greifbar geworden.<\/p>\n<p>Wer sich noch mehr f\u00fcr Lohbr\u00fcgger Geschichte interessiert, kann sich auch die Grabsteinreihen im Park anschauen, die an viele bekannte Lohbr\u00fcgger Familien und Menschen erinnern, so zum Beispiel an den fr\u00fcheren Gemeindevorsteher Reinhold Krell, den B\u00e4cker Friedrich R\u00e4dge oder auch Wilhelm Wittenburg.<\/p>\n<p>Wir B\u00fcrger k\u00f6nnen dem Bezirksamt nur daf\u00fcr danken, dass der alte Friedhof im Schatten der sch\u00f6nen Erl\u00f6serkirche zu einem so sehenswerten Park geworden ist.<\/p>\n<p style=\"text-align: right;\"><strong>J\u00fcrgen Schramm<\/strong><\/p>\n","protected":false},"excerpt":{"rendered":"<p>Nach rund 100 Jahren ist der Gedenkstein zu Ehren der im 1. Weltkrieg gestorbenen Mitarbeiter des Eisenwerkes nach Lohbr\u00fcgge zur\u00fcckgekehrt.<\/p>\n","protected":false},"author":1,"featured_media":0,"comment_status":"open","ping_status":"open","sticky":false,"template":"","format":"standard","meta":{"colormag_page_container_layout":"default_layout","colormag_page_sidebar_layout":"default_layout","footnotes":""},"categories":[4,20],"tags":[],"class_list":["post-568","post","type-post","status-publish","format-standard","hentry","category-nachricht","category-schramm"],"_links":{"self":[{"href":"https:\/\/spd-lohbruegge.eu\/index.php?rest_route=\/wp\/v2\/posts\/568","targetHints":{"allow":["GET"]}}],"collection":[{"href":"https:\/\/spd-lohbruegge.eu\/index.php?rest_route=\/wp\/v2\/posts"}],"about":[{"href":"https:\/\/spd-lohbruegge.eu\/index.php?rest_route=\/wp\/v2\/types\/post"}],"author":[{"embeddable":true,"href":"https:\/\/spd-lohbruegge.eu\/index.php?rest_route=\/wp\/v2\/users\/1"}],"replies":[{"embeddable":true,"href":"https:\/\/spd-lohbruegge.eu\/index.php?rest_route=%2Fwp%2Fv2%2Fcomments&post=568"}],"version-history":[{"count":1,"href":"https:\/\/spd-lohbruegge.eu\/index.php?rest_route=\/wp\/v2\/posts\/568\/revisions"}],"predecessor-version":[{"id":572,"href":"https:\/\/spd-lohbruegge.eu\/index.php?rest_route=\/wp\/v2\/posts\/568\/revisions\/572"}],"wp:attachment":[{"href":"https:\/\/spd-lohbruegge.eu\/index.php?rest_route=%2Fwp%2Fv2%2Fmedia&parent=568"}],"wp:term":[{"taxonomy":"category","embeddable":true,"href":"https:\/\/spd-lohbruegge.eu\/index.php?rest_route=%2Fwp%2Fv2%2Fcategories&post=568"},{"taxonomy":"post_tag","embeddable":true,"href":"https:\/\/spd-lohbruegge.eu\/index.php?rest_route=%2Fwp%2Fv2%2Ftags&post=568"}],"curies":[{"name":"wp","href":"https:\/\/api.w.org\/{rel}","templated":true}]}}