{"id":881,"date":"2023-11-01T16:23:00","date_gmt":"2023-11-01T16:23:00","guid":{"rendered":"https:\/\/spd-lohbruegge.eu\/?p=881"},"modified":"2024-02-11T16:26:46","modified_gmt":"2024-02-11T16:26:46","slug":"kandidatenauftellung-fuer-die-bezirksversammlungswahl","status":"publish","type":"post","link":"https:\/\/spd-lohbruegge.eu\/?p=881","title":{"rendered":"Kandidatenauftellung f\u00fcr die Bezirksversammlungswahl"},"content":{"rendered":"\n<figure class=\"wp-block-image alignleft size-large is-resized\"><img loading=\"lazy\" decoding=\"async\" src=\"https:\/\/spd-lohbruegge.eu\/wp-content\/uploads\/2020\/01\/Michael_Schuetze_2020-1024x1009.jpg\" alt=\"\" class=\"wp-image-673\" width=\"256\" height=\"252\" srcset=\"https:\/\/spd-lohbruegge.eu\/wp-content\/uploads\/2020\/01\/Michael_Schuetze_2020-1024x1009.jpg 1024w, https:\/\/spd-lohbruegge.eu\/wp-content\/uploads\/2020\/01\/Michael_Schuetze_2020-300x296.jpg 300w, https:\/\/spd-lohbruegge.eu\/wp-content\/uploads\/2020\/01\/Michael_Schuetze_2020-768x756.jpg 768w, https:\/\/spd-lohbruegge.eu\/wp-content\/uploads\/2020\/01\/Michael_Schuetze_2020.jpg 1400w\" sizes=\"auto, (max-width: 256px) 100vw, 256px\" \/><\/figure>\n\n\n\n<p>Im Oktober hat die SPD Lohbr\u00fcgge ihre Kandidatinnen und Kandidaten f\u00fcr die zwei Lohbr\u00fcgger Wahlkreise f\u00fcr die Wahl zur Bezirksversammlung am 09. Juni 2023 aufgestellt. Neue und bew\u00e4hrte Kr\u00e4fte bieten eine gute Mischung.<\/p>\n\n\n\n<p>Am 09. Juni 2024 findet neben der Wahl zum Europ\u00e4ischen Parlament auch die Wahl zur Bezirksversammlung Bergedorf statt. Daf\u00fcr hat die SPD Lohbr\u00fcgge nun im Oktober ihre Kandidatinnen und Kandidaten in den beiden Lohbr\u00fcgger Wahlkreisen gew\u00e4hlt. Wegen der Gr\u00f6\u00dfe von Lohbr\u00fcgge verf\u00fcgt der Stadtteil \u00fcber zwei Wahlkreise.<\/p>\n\n\n\n<p>Der Wahlkreis Lohbr\u00fcgge 1 umfasst im Kern das westliche (ab Mendelstra\u00dfe) und s\u00fcdliche (Lohbr\u00fcgger Landstra\u00dfe und s\u00fcdlich davon) Lohbr\u00fcgge. Hier w\u00e4hlten wir unsere bisherige Bezirksabgeordnete Simone G\u00fcnd\u00fcz auf Platz 1. Auf Platz 2 steht Oliver Ro\u00dfborg, auf Platz 3 Petra Petersen-Griem, beides ebenfalls aktuelle Bezirksabgeordnete. Auf den Pl\u00e4tzen 4 bis 6 folgen Bernd Schrum, Marion Ziehe und Reinhard Thiele-Schulte. Insgesamt haben wir damit ein gutes und schlagkr\u00e4ftiges Team im Wahlkreis 1 zusammen, das die Interessen der B\u00fcrgerinnen und B\u00fcrger in der Bezirksversammlung gut vertreten w\u00fcrde.<\/p>\n\n\n\n<p>Der Wahlkreis Lohbr\u00fcgge 2 umfasst im Wesentlichen Lohbr\u00fcgge-Nord. Hier geht die SPD Lohbr\u00fcgge mit vielen neuen Gesichtern an den Start. Als Spitzenkandidatin wurde Christine Niemeyer gew\u00e4hlt, die die Nachfolge von Andres Tilsner antritt, der nicht wieder kandidiert. Auf Platz 2 tritt Thomas Eigenfeld an. Auf Platz 3 steht Christiane Heintschl und auf Platz 4 Michael Sch\u00fctze. Es folgen noch Gabi Kaiser auf Platz 5 und J\u00fcrgen Schramm auf Platz 6. Damit haben wir auch im Wahlkreis 2 ein gutes Personalangebot, das aus erfahrenen wie neuen Personen besteht, die im Falle ihrer Wahl zum Wohle unseres Stadtteils wirken w\u00fcrden.<\/p>\n\n\n\n<p class=\"has-text-align-right\"><strong>Michael Sch\u00fctze<\/strong><\/p>\n\n\n\n<p class=\"has-text-align-center\">MIchael Sch\u00fctze ist Vorsitzender des SPD Lohbr\u00fcgge, des Stadtteilvereins Lohbr\u00fcgge und des Stadtteilbeirats Lohbr\u00fcgge<\/p>\n","protected":false},"excerpt":{"rendered":"<p>Im Oktober hat die SPD Lohbr\u00fcgge ihre Kandidatinnen und Kandidaten f\u00fcr die zwei Lohbr\u00fcgger Wahlkreise f\u00fcr die Wahl zur Bezirksversammlung<\/p>\n","protected":false},"author":1,"featured_media":0,"comment_status":"open","ping_status":"open","sticky":false,"template":"","format":"standard","meta":{"colormag_page_container_layout":"default_layout","colormag_page_sidebar_layout":"default_layout","footnotes":""},"categories":[4,9],"tags":[],"class_list":["post-881","post","type-post","status-publish","format-standard","hentry","category-nachricht","category-schuetze"],"_links":{"self":[{"href":"https:\/\/spd-lohbruegge.eu\/index.php?rest_route=\/wp\/v2\/posts\/881","targetHints":{"allow":["GET"]}}],"collection":[{"href":"https:\/\/spd-lohbruegge.eu\/index.php?rest_route=\/wp\/v2\/posts"}],"about":[{"href":"https:\/\/spd-lohbruegge.eu\/index.php?rest_route=\/wp\/v2\/types\/post"}],"author":[{"embeddable":true,"href":"https:\/\/spd-lohbruegge.eu\/index.php?rest_route=\/wp\/v2\/users\/1"}],"replies":[{"embeddable":true,"href":"https:\/\/spd-lohbruegge.eu\/index.php?rest_route=%2Fwp%2Fv2%2Fcomments&post=881"}],"version-history":[{"count":1,"href":"https:\/\/spd-lohbruegge.eu\/index.php?rest_route=\/wp\/v2\/posts\/881\/revisions"}],"predecessor-version":[{"id":882,"href":"https:\/\/spd-lohbruegge.eu\/index.php?rest_route=\/wp\/v2\/posts\/881\/revisions\/882"}],"wp:attachment":[{"href":"https:\/\/spd-lohbruegge.eu\/index.php?rest_route=%2Fwp%2Fv2%2Fmedia&parent=881"}],"wp:term":[{"taxonomy":"category","embeddable":true,"href":"https:\/\/spd-lohbruegge.eu\/index.php?rest_route=%2Fwp%2Fv2%2Fcategories&post=881"},{"taxonomy":"post_tag","embeddable":true,"href":"https:\/\/spd-lohbruegge.eu\/index.php?rest_route=%2Fwp%2Fv2%2Ftags&post=881"}],"curies":[{"name":"wp","href":"https:\/\/api.w.org\/{rel}","templated":true}]}}