{"id":965,"date":"2025-02-02T22:09:40","date_gmt":"2025-02-02T22:09:40","guid":{"rendered":"https:\/\/spd-lohbruegge.eu\/?p=965"},"modified":"2025-02-02T22:10:38","modified_gmt":"2025-02-02T22:10:38","slug":"mitte-statt-merz-mit-sicherheit-und-anstand","status":"publish","type":"post","link":"https:\/\/spd-lohbruegge.eu\/?p=965","title":{"rendered":"Mitte statt Merz \u2013 mit Sicherheit und Anstand!"},"content":{"rendered":"\n<figure class=\"wp-block-image alignleft size-full is-style-rounded\"><img loading=\"lazy\" decoding=\"async\" width=\"320\" height=\"466\" src=\"https:\/\/spd-lohbruegge.eu\/wp-content\/uploads\/2025\/01\/Schuetze-Michael_klein_s.jpg\" alt=\"\" class=\"wp-image-955\" srcset=\"https:\/\/spd-lohbruegge.eu\/wp-content\/uploads\/2025\/01\/Schuetze-Michael_klein_s.jpg 320w, https:\/\/spd-lohbruegge.eu\/wp-content\/uploads\/2025\/01\/Schuetze-Michael_klein_s-206x300.jpg 206w\" sizes=\"auto, (max-width: 320px) 100vw, 320px\" \/><\/figure>\n\n\n\n<p>Friedrich Merz und die CDU\/CSU haben am Mittwoch gemeinsam mit der AfD einen Antrag zur Mi-grationspolitik durch den Bundestag gebracht. Damit ist klar: Eine stabile Regierung der Mitte gibt es nur unter F\u00fchrung von Olaf Scholz und der SPD. Deshalb am 23.02.2025 SPD w\u00e4hlen!<\/p>\n\n\n\n<p>Rund 92 Jahre ist es nun her, dass deutsche Konservative Adolf Hitler zur Macht verholfen haben. Am Mittwoch haben deutsche Konservative wieder gemeinsame Sache gemacht mit Rechtsau\u00dfen.<\/p>\n\n\n\n<p>Friedrich Merz und die CDU\/CSU haben am Mittwoch zusammen mit der AfD einen Antrag durch den Bundestag gebracht, der zum Teil europarechts- und verfassungswidrige Vorschl\u00e4ge zur Mi-grationspolitik enth\u00e4lt. Das ist ein Skandal und sollte aufrechten Konservativen zu denken geben. Wer eine verantwortungsvolle Politik der Mitte in Deutschland will, muss bei der Bundestagswahl am 23.02. die SPD w\u00e4hlen. Ansonsten besteht die Gefahr, dass Friedrich Merz erneut sein Wort bricht und eine Koalition mit der AfD bildet. F\u00fcr die SPD gilt: Keine Zusammenarbeit mit Nazis. Seit 1863.<\/p>\n\n\n\n<figure class=\"wp-block-image alignright size-medium\"><img loading=\"lazy\" decoding=\"async\" width=\"280\" height=\"300\" src=\"https:\/\/spd-lohbruegge.eu\/wp-content\/uploads\/2025\/02\/Zusammenarbeit-Nazis-280x300.jpg\" alt=\"\" class=\"wp-image-966\" srcset=\"https:\/\/spd-lohbruegge.eu\/wp-content\/uploads\/2025\/02\/Zusammenarbeit-Nazis-280x300.jpg 280w, https:\/\/spd-lohbruegge.eu\/wp-content\/uploads\/2025\/02\/Zusammenarbeit-Nazis-955x1024.jpg 955w, https:\/\/spd-lohbruegge.eu\/wp-content\/uploads\/2025\/02\/Zusammenarbeit-Nazis-768x823.jpg 768w, https:\/\/spd-lohbruegge.eu\/wp-content\/uploads\/2025\/02\/Zusammenarbeit-Nazis.jpg 1080w\" sizes=\"auto, (max-width: 280px) 100vw, 280px\" \/><\/figure>\n\n\n\n<p>Wenn Friedrich Merz und seine CDU Mehrheiten mit der AfD suchen, verlassen sie die politische Mitte. Gerade in herausfordernden Zeiten braucht Deutschland aber eine stabile Regierung der Mitte. Eine verantwortungsbewusste und verl\u00e4ssliche Regierung f\u00fcr Recht, Ordnung und Menschlichkeit. So eine Regierung ist nur unter F\u00fchrung von Olaf Scholz und der SPD m\u00f6glich.<\/p>\n\n\n\n<p>Die Merz-CDU schl\u00e4gt Ma\u00dfnahmen vor, die europ\u00e4isches Recht brechen und gegen das Grundgesetz versto\u00dfen. Und sie paktiert lieber mit Rechtsextremisten, als mit demokratischen Parteien vern\u00fcnftige Kompromisse zu finden. Damit bricht sie mit dem demokratischen Grundkonsens seit Bestehen der Bundesrepublik.<\/p>\n\n\n\n<p>Deutschland ist ein weltoffenes Land \u2013 gesellschaftlich und wirtschaftlich. Um diese Offenheit zu bewahren, ist es n\u00f6tig, die irregul\u00e4re Migration zu begrenzen. Daf\u00fcr hat Bundeskanzler Olaf Scholz in den vergangenen Jahren viele weitreichende Ma\u00dfnahmen ergriffen. \u00dcbrigens im Gegensatz zu den von CDU\/CSU gef\u00fchrten Regierungen davor.<\/p>\n\n\n\n<figure class=\"wp-block-image alignleft size-full\"><img loading=\"lazy\" decoding=\"async\" width=\"300\" height=\"300\" src=\"https:\/\/spd-lohbruegge.eu\/wp-content\/uploads\/2025\/02\/mitte_merz_mail-300x300-1.png\" alt=\"\" class=\"wp-image-967\" srcset=\"https:\/\/spd-lohbruegge.eu\/wp-content\/uploads\/2025\/02\/mitte_merz_mail-300x300-1.png 300w, https:\/\/spd-lohbruegge.eu\/wp-content\/uploads\/2025\/02\/mitte_merz_mail-300x300-1-150x150.png 150w\" sizes=\"auto, (max-width: 300px) 100vw, 300px\" \/><\/figure>\n\n\n\n<p>Unsere Ma\u00dfnahmen zeigen Wirkung: Die Zahl der Asylgesuche ist im letzten Jahr um 34 % gesunken, die Zahl der Abschiebungen um 22 % gestiegen. In dieser Woche legen wir weitere konkrete Ma\u00dfnahmen zur Abstimmung vor, unter anderem f\u00fcr moderne Ermittlungsmethoden f\u00fcr unsere Sicherheitsbeh\u00f6rden und die Umsetzung der gro\u00dfen europ\u00e4ischen Asylreform. So schaffen wir konkrete Verbesserungen. Und das, ohne uns dabei auf Rechtsextremisten einzulassen.<\/p>\n\n\n\n<p>So machen wir Politik f\u00fcr die Mitte in Deutschland: mehr Netto f\u00fcr 95 % und weniger Steuern auf Lebensmittel. Stabile Renten. Ein Mindestlohn von 15 \u20ac. Eine Verl\u00e4ngerung der Mietpreisbremse. G\u00fcnstigerer Strom. Und mehr Investitionen in Deutschland durch einen \u201eMade in Germany\u201c-Bonus. Das ist Politik f\u00fcr die gro\u00dfe Mehrheit der Menschen in unserem Lande.<\/p>\n\n\n\n<p>So sch\u00fctzen wir die Mitte in unserer Gesellschaft. Unterst\u00fctzen Sie uns bitte dabei und w\u00e4hlen Sie die SPD am 23.02.2025 bei der Bundestagswahl!<\/p>\n\n\n\n<p class=\"has-text-align-right\"><strong>Michael Sch\u00fctze<\/strong><\/p>\n\n\n\n<p class=\"has-text-align-center has-small-font-size\">Michael Sch\u00fctze ist Vorsitzender des SPD Lohbr\u00fcgge, des Stadtteilvereins Lohbr\u00fcgge, des Stadtteilbeirats Lohbr\u00fcgge und der AWO Kreis Bergedorf.<\/p>\n","protected":false},"excerpt":{"rendered":"<p>Friedrich Merz und die CDU\/CSU haben am Mittwoch gemeinsam mit der AfD einen Antrag zur Mi-grationspolitik durch den Bundestag gebracht.<\/p>\n","protected":false},"author":1,"featured_media":0,"comment_status":"open","ping_status":"open","sticky":false,"template":"","format":"standard","meta":{"colormag_page_container_layout":"default_layout","colormag_page_sidebar_layout":"default_layout","footnotes":""},"categories":[4,9],"tags":[],"class_list":["post-965","post","type-post","status-publish","format-standard","hentry","category-nachricht","category-schuetze"],"_links":{"self":[{"href":"https:\/\/spd-lohbruegge.eu\/index.php?rest_route=\/wp\/v2\/posts\/965","targetHints":{"allow":["GET"]}}],"collection":[{"href":"https:\/\/spd-lohbruegge.eu\/index.php?rest_route=\/wp\/v2\/posts"}],"about":[{"href":"https:\/\/spd-lohbruegge.eu\/index.php?rest_route=\/wp\/v2\/types\/post"}],"author":[{"embeddable":true,"href":"https:\/\/spd-lohbruegge.eu\/index.php?rest_route=\/wp\/v2\/users\/1"}],"replies":[{"embeddable":true,"href":"https:\/\/spd-lohbruegge.eu\/index.php?rest_route=%2Fwp%2Fv2%2Fcomments&post=965"}],"version-history":[{"count":4,"href":"https:\/\/spd-lohbruegge.eu\/index.php?rest_route=\/wp\/v2\/posts\/965\/revisions"}],"predecessor-version":[{"id":971,"href":"https:\/\/spd-lohbruegge.eu\/index.php?rest_route=\/wp\/v2\/posts\/965\/revisions\/971"}],"wp:attachment":[{"href":"https:\/\/spd-lohbruegge.eu\/index.php?rest_route=%2Fwp%2Fv2%2Fmedia&parent=965"}],"wp:term":[{"taxonomy":"category","embeddable":true,"href":"https:\/\/spd-lohbruegge.eu\/index.php?rest_route=%2Fwp%2Fv2%2Fcategories&post=965"},{"taxonomy":"post_tag","embeddable":true,"href":"https:\/\/spd-lohbruegge.eu\/index.php?rest_route=%2Fwp%2Fv2%2Ftags&post=965"}],"curies":[{"name":"wp","href":"https:\/\/api.w.org\/{rel}","templated":true}]}}