{"id":973,"date":"2025-02-12T10:40:30","date_gmt":"2025-02-12T10:40:30","guid":{"rendered":"https:\/\/spd-lohbruegge.eu\/?p=973"},"modified":"2025-02-12T10:43:13","modified_gmt":"2025-02-12T10:43:13","slug":"bezahlbares-leben-und-sichere-renten-nur-mit-der-spd","status":"publish","type":"post","link":"https:\/\/spd-lohbruegge.eu\/?p=973","title":{"rendered":"Bezahlbares Leben und sichere Renten &#8211; nur mit der SPD!"},"content":{"rendered":"\n<figure class=\"wp-block-image alignleft size-medium is-style-rounded\"><img loading=\"lazy\" decoding=\"async\" width=\"206\" height=\"300\" src=\"https:\/\/spd-lohbruegge.eu\/wp-content\/uploads\/2025\/01\/Schuetze-Michael_klein_s-206x300.jpg\" alt=\"\" class=\"wp-image-955\" srcset=\"https:\/\/spd-lohbruegge.eu\/wp-content\/uploads\/2025\/01\/Schuetze-Michael_klein_s-206x300.jpg 206w, https:\/\/spd-lohbruegge.eu\/wp-content\/uploads\/2025\/01\/Schuetze-Michael_klein_s.jpg 320w\" sizes=\"auto, (max-width: 206px) 100vw, 206px\" \/><\/figure>\n\n\n\n<p class=\"has-medium-font-size\">Friedrich Merz und CDU\/CSU lenken mit der Migrationsdebatte davon ab, dass sie eine Politik f\u00fcr die Reichen in diesem Lande planen. Die SPD steht hingegen f\u00fcr die Entlastung von 95% aller B\u00fcrgerinnen und B\u00fcrger sowie f\u00fcr sichere Renten.<\/p>\n\n\n\n<p class=\"has-medium-font-size\">Es ist schlimm genug, dass Frie-drich Merz und die CDU\/CSU im Bundestag gemeinsame Sache mit der AfD gemacht haben und schon erkl\u00e4rt haben, dass sie es wieder tun w\u00fcrden. Doch der Gipfel der Dreistigkeit ist, dass sie mit der Migrationsdebatte von ihren unsozialen Pl\u00e4nen bei Steuern und Rente ablenken.<\/p>\n\n\n\n<p class=\"has-text-align-center has-medium-font-size\"><strong>Mehr Netto mit der SPD &#8211; Entlastung von 95%<\/strong><\/p>\n\n\n\n<p class=\"has-medium-font-size\">Die SPD steht daf\u00fcr, dass Arbeit sich lohnt, L\u00f6hne und Renten mit den Preisen Schritt halten und bezahlbar bleiben. Davon profitieren alle Menschen in unserem Land. Das st\u00e4rkt Zusammenhalt und Kaufkraft und sorgt f\u00fcr Stabilit\u00e4t in unsicheren Zeiten. Gerechtigkeit bei Steuern und Abgaben ist der Schl\u00fcssel f\u00fcr ein starkes, solidarisches Deutschland.<\/p>\n\n\n\n<p class=\"has-medium-font-size\">Wir wollen mit vier Punkten Entlastungen f\u00fcr ein bezahlbares Leben erreichen:<\/p>\n\n\n\n<ol class=\"wp-block-list\">\n<li class=\"has-medium-font-size\">Wir entlasten 95 Prozent aller Menschen in unserem Land. Spitzenverdienende und gro\u00dfe Verm\u00f6gen sollen einen fairen Beitrag zum Gemeinwohl leisten. Familien mit kleinen und mittleren Einkommen profitieren am st\u00e4rksten.<\/li>\n\n\n\n<li class=\"has-medium-font-size\">Im Jahr 2026 soll der Mindestlohn auf 15 Euro steigen, damit sich Arbeit lohnt und Menschen von ihrer Arbeit leben k\u00f6nnen. Zudem wollen wir ein Tariftreuegesetz einf\u00fchren.<\/li>\n\n\n\n<li class=\"has-medium-font-size\">Wir machen Grundnahrungsmittel g\u00fcnstiger. Daf\u00fcr wollen wir die Mehrwertsteuer von sieben auf f\u00fcnf Prozent senken.<\/li>\n\n\n\n<li class=\"has-medium-font-size\">Die Mietpreisbremse bleibt dauerhaft. Wo der Markt angespannt ist, begrenzen wir Kurzzeitvermietungen, um den Wohnungsmarkt zu entlasten.<\/li>\n<\/ol>\n\n\n\n<p class=\"has-medium-font-size\">Und was wollen Friedrich Merz und die CDU\/CSU? Die CDU will den Solidarit\u00e4tszuschlag f\u00fcr Spitzenverdienende abschaffen, legt aber keine Gegenfinanzierung vor. Sie lehnt eine Erh\u00f6hung des Mindestlohnes ab und bleibt vage bei der Mietpreisbremse &#8211; klare Entlastungen f\u00fcr kleine und mittlere Einkommen fehlen.<\/p>\n\n\n\n<p class=\"has-medium-font-size\">Und bei der Rente sieht es nicht viel anders aus. F\u00fcr uns gilt: Im Alter gut abgesichert zu sein, das ist eine Frage des Respekts vor Lebensleistung. Vor allem die junge Generation muss sich darauf verlassen k\u00f6nnen, dass dieses Versprechen auch f\u00fcr sie noch gilt.<\/p>\n\n\n\n<ol class=\"wp-block-list\">\n<li class=\"has-medium-font-size\">Wir stabilisieren das Rentenniveau. Wir garantieren langfristig 48 Prozent, damit Renten auch in Zukunft mit der Lohnentwicklung Schritt halten und nicht von der Inflation aufgefressen werden. Der Gesetzentwurf ist fertig und kann innerhalb von 100 Tagen verabschiedet werden.<\/li>\n\n\n\n<li class=\"has-medium-font-size\">Wir lehnen eine Anhebung der Regelaltersgrenze ab. Auch die Rente nach 45 Beitragsjahren bleibt: Rentenk\u00fcrzungen gibt es mit der SPD nicht.<\/li>\n<\/ol>\n\n\n\n<p class=\"has-medium-font-size\">Friedrich Merz und die CDU\/CSU wollen hingegen die Rente nach 45 Beitragsjahren m\u00f6glichst bald abschaffen, auch beim Retteneintrittsalter wackeln sie. Und ein Konzept zur Stabilisierung des Rentenniveaus haben CDU\/CSU auch nicht.<\/p>\n\n\n\n<p class=\"has-medium-font-size\">Mehr Netto vom Brutto, ein bezahlbares Leben, faire L\u00f6hne und sichere Renten, das gibt es nur mit Olaf Scholz und der SPD. Deshalb am 23. Februar SPD w\u00e4hlen!<\/p>\n\n\n\n<p class=\"has-text-align-right has-medium-font-size\"><strong>Michael Sch\u00fctze<\/strong><\/p>\n\n\n\n<p class=\"has-text-align-center has-small-font-size\">Michael Sch\u00fctze ist Vorsitzender des SPD Lohbr\u00fcgge, des Stadtteilvereins Lohbr\u00fcgge, des Stadtteilbeirats Lohbr\u00fcgge und der AWO Kreis Bergedorf.<\/p>\n","protected":false},"excerpt":{"rendered":"<p>Friedrich Merz und CDU\/CSU lenken mit der Migrationsdebatte davon ab, dass sie eine Politik f\u00fcr die Reichen in diesem Lande<\/p>\n","protected":false},"author":1,"featured_media":0,"comment_status":"open","ping_status":"open","sticky":false,"template":"","format":"standard","meta":{"colormag_page_container_layout":"default_layout","colormag_page_sidebar_layout":"default_layout","footnotes":""},"categories":[4,9],"tags":[],"class_list":["post-973","post","type-post","status-publish","format-standard","hentry","category-nachricht","category-schuetze"],"_links":{"self":[{"href":"https:\/\/spd-lohbruegge.eu\/index.php?rest_route=\/wp\/v2\/posts\/973","targetHints":{"allow":["GET"]}}],"collection":[{"href":"https:\/\/spd-lohbruegge.eu\/index.php?rest_route=\/wp\/v2\/posts"}],"about":[{"href":"https:\/\/spd-lohbruegge.eu\/index.php?rest_route=\/wp\/v2\/types\/post"}],"author":[{"embeddable":true,"href":"https:\/\/spd-lohbruegge.eu\/index.php?rest_route=\/wp\/v2\/users\/1"}],"replies":[{"embeddable":true,"href":"https:\/\/spd-lohbruegge.eu\/index.php?rest_route=%2Fwp%2Fv2%2Fcomments&post=973"}],"version-history":[{"count":3,"href":"https:\/\/spd-lohbruegge.eu\/index.php?rest_route=\/wp\/v2\/posts\/973\/revisions"}],"predecessor-version":[{"id":976,"href":"https:\/\/spd-lohbruegge.eu\/index.php?rest_route=\/wp\/v2\/posts\/973\/revisions\/976"}],"wp:attachment":[{"href":"https:\/\/spd-lohbruegge.eu\/index.php?rest_route=%2Fwp%2Fv2%2Fmedia&parent=973"}],"wp:term":[{"taxonomy":"category","embeddable":true,"href":"https:\/\/spd-lohbruegge.eu\/index.php?rest_route=%2Fwp%2Fv2%2Fcategories&post=973"},{"taxonomy":"post_tag","embeddable":true,"href":"https:\/\/spd-lohbruegge.eu\/index.php?rest_route=%2Fwp%2Fv2%2Ftags&post=973"}],"curies":[{"name":"wp","href":"https:\/\/api.w.org\/{rel}","templated":true}]}}